{"id":142446,"date":"2024-03-25T21:55:29","date_gmt":"2024-03-25T20:55:29","guid":{"rendered":"https:\/\/www.smart-travelling.net\/?p=142446"},"modified":"2024-03-26T10:59:35","modified_gmt":"2024-03-26T09:59:35","slug":"andiamo-milano-alle-jahre-wieder-salone-del-mobile","status":"publish","type":"post","link":"https:\/\/www.smart-travelling.net\/en\/andiamo-milano-alle-jahre-wieder-salone-del-mobile\/","title":{"rendered":"Andiamo Milano! This time of the year again &#8211; Salone Del Mobile 16-21 April"},"content":{"rendered":"<p>&nbsp;<\/p>\n<p style=\"font-weight: 400;\">Finally, the design highlight of the year, Salone del Mobile, the Milan furniture fair, is just around the corner again: 16-21 April.<\/p>\n<p style=\"font-weight: 400;\">It&#8217;s always a pleasure to go there in April, because then it feels like spring in Milan and you can soak up the first rays of sunshine, drink your first spritz outside and discover the latest innovations in the world of furniture and design. The atmosphere is much more relaxed than during Milan Fashion Week and it&#8217;s simply fun to stroll through the streets of the Berea design district, people-watching the hip scene and being inspired by the latest design trends.<\/p>\n<p style=\"font-weight: 400;\">Of course, a good pasta, an oven-warm cornetto and the right aperitivo bar are a must. You can find all our favorite tips and places to be during Milan Design Week in our Milan App Guide, which you can download <a href=\"https:\/\/apps.apple.com\/de\/app\/smarttravelling\/id1033159949\">here<\/a>. With our new &#8220;Plan a Day&#8221; function, you can put together a perfect day without losing track of the many tempting locations.<\/p>\n<div class=\"flex-shrink-0 flex flex-col relative items-end\">\n<div>\n<div class=\"pt-0.5\">\n<div class=\"gizmo-shadow-stroke flex h-6 w-6 items-center justify-center overflow-hidden rounded-full\"><\/div>\n<\/div>\n<\/div>\n<\/div>\n<div class=\"relative flex w-full flex-col agent-turn\">\n<div class=\"font-semibold select-none\"><span style=\"color: #222222; font-size: 18px; letter-spacing: 0.2px;\">To enhance your excitement for what awaits you in Milan, here&#8217;s a curated list of our favorite authentic spots:\u00a0<\/span><\/div>\n<div><\/div>\n<\/div>\n<p style=\"font-weight: 400;\"><strong>WHERE TO STAY <\/strong><\/p>\n<p style=\"font-weight: 400;\"><strong>The Couper Sant\u2018 Andrea \u00a0 \u00a0 \u00a0 \u00a0 \u00a0 \u00a0 \u00a0 \u00a0 \u00a0 \u00a0 \u00a0 \u00a0 \u00a0 \u00a0 \u00a0 \u00a0 \u00a0 \u00a0 \u00a0 \u00a0 \u00a0 \u00a0 \u00a0 \u00a0 \u00a0 \u00a0 \u00a0 \u00a0 \u00a0 \u00a0 \u00a0 \u00a0 \u00a0 \u00a0 \u00a0 \u00a0 \u00a0 \u00a0 \u00a0 \u00a0<\/strong><\/p>\n<div class=\"relative flex w-full flex-col agent-turn\">\n<div class=\"flex-col gap-1 md:gap-3\">\n<div class=\"flex flex-grow flex-col max-w-full\">\n<div class=\"min-h-[20px] text-message flex flex-col items-start gap-3 whitespace-pre-wrap break-words [.text-message+&amp;]:mt-5 overflow-x-auto\" data-message-author-role=\"assistant\" data-message-id=\"2f923ecb-99d7-4f3d-8e06-407ad80774e9\">\n<div class=\"markdown prose w-full break-words dark:prose-invert light\">\n<p>The Couper Sant\u2019Andrea is a small gem nestled in the heart of the fashion district, just a stone&#8217;s throw away from Via Montenapoleone. Here, you&#8217;ll stay in an 18th-century palazzo with small yet exquisite rooms individually and tastefully designed. Couper Sant\u2019Andrea is perfectly situated for exploring Milan over a weekend and is, of course, ideal for all fashion enthusiasts, as the most renowned shops are practically next door.<\/p>\n<p>Via Sant&#8217;Andrea 12, 20121 Milan<\/p>\n<\/div>\n<\/div>\n<\/div>\n<\/div>\n<\/div>\n<p>&nbsp;<\/p>\n<p style=\"font-weight: 400;\"><strong>La Favia <\/strong><\/p>\n<p>Not far from the unmistakable cemetery in northern Milan, a charming bed and breakfast called La Favia is hidden away. The owner has transformed his former family apartment into an inviting guest accommodation with great taste and attention to detail. This includes four individually designed rooms and a rooftop terrace reminiscent of an oasis, where a organic breakfast is served in the morning.<\/p>\n<p>Via Carlo Farini 4, 20154 Milan<\/p>\n<p><img loading=\"lazy\" decoding=\"async\" class=\"alignnone size-full wp-image-142452\" src=\"https:\/\/www.smart-travelling.net\/wp-content\/uploads\/2024\/03\/Bildschirm\u00adfoto-2024-03-25-um-21.59.57.png\" alt=\"La Favia\" width=\"1712\" height=\"1114\" srcset=\"https:\/\/www.smart-travelling.net\/wp-content\/uploads\/2024\/03\/Bildschirm\u00adfoto-2024-03-25-um-21.59.57.png 1712w, https:\/\/www.smart-travelling.net\/wp-content\/uploads\/2024\/03\/Bildschirm\u00adfoto-2024-03-25-um-21.59.57-300x195.png 300w, https:\/\/www.smart-travelling.net\/wp-content\/uploads\/2024\/03\/Bildschirm\u00adfoto-2024-03-25-um-21.59.57-1024x666.png 1024w, https:\/\/www.smart-travelling.net\/wp-content\/uploads\/2024\/03\/Bildschirm\u00adfoto-2024-03-25-um-21.59.57-768x500.png 768w, https:\/\/www.smart-travelling.net\/wp-content\/uploads\/2024\/03\/Bildschirm\u00adfoto-2024-03-25-um-21.59.57-1536x999.png 1536w, https:\/\/www.smart-travelling.net\/wp-content\/uploads\/2024\/03\/Bildschirm\u00adfoto-2024-03-25-um-21.59.57-730x475.png 730w, https:\/\/www.smart-travelling.net\/wp-content\/uploads\/2024\/03\/Bildschirm\u00adfoto-2024-03-25-um-21.59.57-1060x690.png 1060w\" sizes=\"auto, (max-width: 1712px) 100vw, 1712px\" \/><\/p>\n<p style=\"font-weight: 400;\"><strong>FAVORITE PLACES FOR DOLCI AND ESPRESSI <\/strong><\/p>\n<p style=\"font-weight: 400;\"><strong>Pasticceria Marchesi <\/strong><\/p>\n<p style=\"font-weight: 400;\">The Pasticceria Marchesi could easily be deemed a national treasure. A traditional bakery straight out of a storybook, it has been nestled in Santa Maria alla Porta since 1824. Tempting treats line the counter, from cakes to chocolates, panettone to cornetti \u2013 all beautifully packaged. These delightful confections can be savored on-site with a coffee or make for a lovely gift for loved ones back home! By the way, since 2014, the family-owned bakery has been 80 percent acquired by the fashion house Prada.<\/p>\n<p style=\"font-weight: 400;\">Galleria Vittorio Emanuele II, 20123 Milan<\/p>\n<p><img loading=\"lazy\" decoding=\"async\" class=\"alignnone size-full wp-image-142454\" src=\"https:\/\/www.smart-travelling.net\/wp-content\/uploads\/2024\/03\/Marchesi-.jpg\" alt=\"\" width=\"1000\" height=\"667\" srcset=\"https:\/\/www.smart-travelling.net\/wp-content\/uploads\/2024\/03\/Marchesi-.jpg 1000w, https:\/\/www.smart-travelling.net\/wp-content\/uploads\/2024\/03\/Marchesi--300x200.jpg 300w, https:\/\/www.smart-travelling.net\/wp-content\/uploads\/2024\/03\/Marchesi--768x512.jpg 768w, https:\/\/www.smart-travelling.net\/wp-content\/uploads\/2024\/03\/Marchesi--730x487.jpg 730w\" sizes=\"auto, (max-width: 1000px) 100vw, 1000px\" \/><\/p>\n<p style=\"font-weight: 400;\"><strong>Pasticceria Taveggia<\/strong><\/p>\n<p style=\"font-weight: 400;\">For Italians, starting the day with an espresso is an absolute must. This is enjoyed at the counter of one of the numerous charming bars. Pair it with one of the enticing dolci, and the day can begin! For such a morning routine, the traditional Pasticceria Taveggia is an excellent choice. Its display case is plentifully stocked with delicious pastries and paninis!<\/p>\n<p>Via Uberto Visconti die Modrone 2, 20122 Milan<\/p>\n<p>&nbsp;<\/p>\n<p style=\"font-weight: 400;\"><strong>Pasticceria Cova<\/strong><\/p>\n<p style=\"font-weight: 400;\">Starting the day in luxury? Nowhere does it better than at Pasticceria Cova. The moment you step inside, you can feel the long history of this establishment, not least because of its neoclassical d\u00e9cor. After all, the famous Cova was opened in the 19th century. At the tables, elegant older ladies in perfectly tailored suits enjoy the house specialty \u2013 panettone filled with buttery caramel cream.<\/p>\n<p>Via Monte Napoleone 8,\u00a020121 Milan<\/p>\n<p>&nbsp;<\/p>\n<p style=\"font-weight: 400;\"><strong>Giacomo Caff\u00e9<\/strong><\/p>\n<p style=\"font-weight: 400;\">For those who wish to start their day with grandeur, enjoying a cappuccino with a cornetto at the elegant Giacomo Caff\u00e8 is a must. Somewhat tucked away, it is located in the atrium of the Palazzo Reale and is run by the gastronomy-experienced Bulleri family, who also manage the wonderful classics, Restaurant and Bistrot Giacomo. The walls are adorned with golden mirrors and huge paintings.<\/p>\n<p>Piazza Duomo, 12,\u00a020121 Milan<\/p>\n<p><img loading=\"lazy\" decoding=\"async\" class=\"alignnone size-full wp-image-142456\" src=\"https:\/\/www.smart-travelling.net\/wp-content\/uploads\/2024\/03\/20160410-608A1191.jpg\" alt=\"\" width=\"1000\" height=\"667\" srcset=\"https:\/\/www.smart-travelling.net\/wp-content\/uploads\/2024\/03\/20160410-608A1191.jpg 1000w, https:\/\/www.smart-travelling.net\/wp-content\/uploads\/2024\/03\/20160410-608A1191-300x200.jpg 300w, https:\/\/www.smart-travelling.net\/wp-content\/uploads\/2024\/03\/20160410-608A1191-768x512.jpg 768w, https:\/\/www.smart-travelling.net\/wp-content\/uploads\/2024\/03\/20160410-608A1191-730x487.jpg 730w\" sizes=\"auto, (max-width: 1000px) 100vw, 1000px\" \/><\/p>\n<p style=\"font-weight: 400;\"><strong>DINNER <\/strong><\/p>\n<p style=\"font-weight: 400;\"><strong>Da Giacomo <\/strong><\/p>\n<p style=\"font-weight: 400;\">For those looking to dine wonderfully with time and leisure, a visit to Da Giacomo is highly recommended. The ambiance is sophisticated yet casual, the service is friendly, and the fish is excellent! It&#8217;s a place where everyone loves to return, not only for the delicious pizza bread, the variety of appetizers, and the tasty desserts, but also for the small, exquisite details. It&#8217;s a favorite restaurant for smart travelers. Next door, there&#8217;s a bistro, and at the top of the Museo Novecento, with a view of the Duomo, there&#8217;s a bar.<\/p>\n<p style=\"font-weight: 400;\">Via Pasquale Sottocorno 6, 20129 Milan<\/p>\n<p style=\"font-weight: 400;\"><strong><img loading=\"lazy\" decoding=\"async\" class=\"size-full wp-image-142458 aligncenter\" src=\"https:\/\/www.smart-travelling.net\/wp-content\/uploads\/2024\/03\/20100415-IMG_dagiacomo-4399.jpg\" alt=\"\" width=\"500\" height=\"333\" srcset=\"https:\/\/www.smart-travelling.net\/wp-content\/uploads\/2024\/03\/20100415-IMG_dagiacomo-4399.jpg 500w, https:\/\/www.smart-travelling.net\/wp-content\/uploads\/2024\/03\/20100415-IMG_dagiacomo-4399-300x200.jpg 300w\" sizes=\"auto, (max-width: 500px) 100vw, 500px\" \/><\/strong><\/p>\n<p>&nbsp;<\/p>\n<p style=\"font-weight: 400;\"><strong>Osterial Del Binari <\/strong><\/p>\n<p style=\"font-weight: 400;\">Paradise begins at a beautiful, old entrance to Osteria del Binari. As soon as you take a seat in the magnificent room by the roaring fireplace, warm croissants, pastries, ham, and prosecco are served. The abundance is enchanting. After the unforgettable souffl\u00e9 with a delicate vegetable sauce, we experienced the main course, polenta with porcini mushrooms, in a kind of trance. It&#8217;s also wonderful to sit outside in the former bowling alley during the summer.<\/p>\n<p style=\"font-weight: 400;\">Via Tortona 1, 20144 Milan<\/p>\n<p style=\"font-weight: 400;\"><strong> <img loading=\"lazy\" decoding=\"async\" class=\"alignnone size-full wp-image-142460\" src=\"https:\/\/www.smart-travelling.net\/wp-content\/uploads\/2024\/03\/20160409-608A0980.jpg\" alt=\"\" width=\"1000\" height=\"667\" srcset=\"https:\/\/www.smart-travelling.net\/wp-content\/uploads\/2024\/03\/20160409-608A0980.jpg 1000w, https:\/\/www.smart-travelling.net\/wp-content\/uploads\/2024\/03\/20160409-608A0980-300x200.jpg 300w, https:\/\/www.smart-travelling.net\/wp-content\/uploads\/2024\/03\/20160409-608A0980-768x512.jpg 768w, https:\/\/www.smart-travelling.net\/wp-content\/uploads\/2024\/03\/20160409-608A0980-730x487.jpg 730w\" sizes=\"auto, (max-width: 1000px) 100vw, 1000px\" \/><\/strong><\/p>\n<p style=\"font-weight: 400;\"><strong>Antica Trattoria della Pesa<\/strong><\/p>\n<p style=\"font-weight: 400;\">The Antica Trattoria della Pesa is simply perfect in its pure beauty. Its charm lies in the careful way it consciously respects the old interior and skillfully decorates it, here and there, with a watchful eye, with simple butter cookies on old cake stands and pears cooked in red wine, displayed in beautiful bowls on the buffet. Everything feels very familiar, and fortunately, such a lovable restaurant also has good cuisine. For those eager to delve into Lombardian meat dishes, they can try a classic &#8220;Bollito Misto&#8221; \u2013 boiled meats with vegetables, pickled fruits, and a green sauce, served from a trolley. A lighter option would be the &#8220;Risotto Milanese.&#8221;<\/p>\n<p>Viale Pasubio 10,\u00a020154 Milan<\/p>\n<p style=\"font-weight: 400;\"><strong> <img loading=\"lazy\" decoding=\"async\" class=\"alignnone size-full wp-image-142462\" src=\"https:\/\/www.smart-travelling.net\/wp-content\/uploads\/2024\/03\/20100414-IMG_4099.jpg\" alt=\"\" width=\"1000\" height=\"667\" srcset=\"https:\/\/www.smart-travelling.net\/wp-content\/uploads\/2024\/03\/20100414-IMG_4099.jpg 1000w, https:\/\/www.smart-travelling.net\/wp-content\/uploads\/2024\/03\/20100414-IMG_4099-300x200.jpg 300w, https:\/\/www.smart-travelling.net\/wp-content\/uploads\/2024\/03\/20100414-IMG_4099-768x512.jpg 768w, https:\/\/www.smart-travelling.net\/wp-content\/uploads\/2024\/03\/20100414-IMG_4099-730x487.jpg 730w\" sizes=\"auto, (max-width: 1000px) 100vw, 1000px\" \/><\/strong><\/p>\n<p style=\"font-weight: 400;\"><strong>Nuova Arena <\/strong><\/p>\n<p style=\"font-weight: 400;\">Nuova Arena is a fantastic restaurant to immerse yourself in traditional Milanese cuisine. The proprietor, Giovanni Mele, arrived in Milan as a teenager, studied under greats like Alfredo Valli, and worked in top restaurants until 1982. Since opening Nuova Arena, it has been a crescendo of satisfaction. The kitchen is now in the hands of Milanese chef Riccardo Giusti, who prepares Italian dishes using predominantly Sardinian products. In service, Giovanni&#8217;s son Nicol\u00f2 ensures wonderful service. Dishes not to be missed include Mondeghili Milanese-style, veal Magatello in tuna sauce, Ossobuco, and Millefoglie with Chantilly cream.<\/p>\n<p style=\"font-weight: 400;\">Piazza Lega Lombarda, 5, 20154 Milano<\/p>\n<p style=\"font-weight: 400;\"><strong>\u00a0<\/strong><\/p>\n<p style=\"font-weight: 400;\"><strong>BEST APERITIVO <\/strong><\/p>\n<p style=\"font-weight: 400;\"><strong>Camparino in Galleria <\/strong><\/p>\n<p style=\"font-weight: 400;\">Contrary to most bars in the famous Galleria, this stunning caf\u00e9 bar is a Milanese institution. In 1867, Gaspare Campari opened a shop in the newly built Galleria Vittorio Emanuele II, from where he sold his famous aperitif. His son Davide, who was actually born in the Galleria, took over the business and opened the Camparino Bar in 1915. This was followed by a repeated succession of the renowned Milanese aperitifs Campari and Zucca, which competed with each other to brand the bar. Campari took over Zucca again in 2012 and renamed the bar from &#8220;Zucca in Galleria&#8221; to &#8220;Camparino in Galleria&#8221; after 16 years.<\/p>\n<p style=\"font-weight: 400;\">Piazza del Duomo, 21, 20121 Milan<\/p>\n<p style=\"font-weight: 400;\"><strong>\u00a0<\/strong><\/p>\n<p style=\"font-weight: 400;\"><strong>N\u2019ombra De Vin <\/strong><\/p>\n<p style=\"font-weight: 400;\">It was in 1973 when Father Giacomo Cora first opened the doors of the wine shop N&#8217;ombra de Vin, supported by the walls of the Basilica of San Marco, in an old suburb of Milan. In 2007, Cristiano Cora, the son of N&#8217;ombra de Vin&#8217;s founder Giacomo, took over the management of the wine shop. Cristiano was aware of the traditional and historical past of N&#8217;ombra de Vin and brought a spirit of innovation and youthful enthusiasm to its management, transforming it into a place for wine lovers of all ages while preserving the traditional charm of the wine shop. The associated salumeria has been recognized and awarded several times for its outstanding performance. Definitely a great place for an aperitivo.<\/p>\n<p style=\"font-weight: 400;\">Via S. Marco, 2, 20121 Milan<\/p>\n<p>&nbsp;<\/p>\n<p style=\"font-weight: 400;\"><strong>Bar Basso<\/strong><\/p>\n<div class=\"relative flex w-full flex-col agent-turn\">\n<div class=\"flex-col gap-1 md:gap-3\">\n<div class=\"flex flex-grow flex-col max-w-full\">\n<div class=\"min-h-[20px] text-message flex flex-col items-start gap-3 whitespace-pre-wrap break-words [.text-message+&amp;]:mt-5 overflow-x-auto\" data-message-author-role=\"assistant\" data-message-id=\"552f16e1-6f9a-4e95-aae1-df2480ce782a\">\n<div class=\"markdown prose w-full break-words dark:prose-invert light\">\n<p>It seems like you&#8217;ve pasted my previous response about Bar Basso. Is there anything else you&#8217;d like to know or discuss about Bar Basso or any other topic? Feel free to let me know!<\/p>\n<\/div>\n<\/div>\n<\/div>\n<\/div>\n<\/div>\n<p>Via Plinio 39,\u00a020129 Milan<\/p>\n<p style=\"font-weight: 400;\"><strong><img loading=\"lazy\" decoding=\"async\" class=\"alignnone size-full wp-image-142464\" src=\"https:\/\/www.smart-travelling.net\/wp-content\/uploads\/2024\/03\/20110410-IMG_5611.jpg\" alt=\"\" width=\"1000\" height=\"667\" srcset=\"https:\/\/www.smart-travelling.net\/wp-content\/uploads\/2024\/03\/20110410-IMG_5611.jpg 1000w, https:\/\/www.smart-travelling.net\/wp-content\/uploads\/2024\/03\/20110410-IMG_5611-300x200.jpg 300w, https:\/\/www.smart-travelling.net\/wp-content\/uploads\/2024\/03\/20110410-IMG_5611-768x512.jpg 768w, https:\/\/www.smart-travelling.net\/wp-content\/uploads\/2024\/03\/20110410-IMG_5611-730x487.jpg 730w\" sizes=\"auto, (max-width: 1000px) 100vw, 1000px\" \/>\u00a0<\/strong><\/p>\n<p style=\"font-weight: 400;\"><strong>\u00a0<\/strong><\/p>\n","protected":false},"excerpt":{"rendered":"<p>&nbsp; Finally, the design highlight of the year, Salone del Mobile, the Milan furniture fair, is just around the corner again: 16-21 April. It&#8217;s[&#8230;]<\/p>\n","protected":false},"author":7,"featured_media":142461,"comment_status":"closed","ping_status":"open","sticky":false,"template":"","format":"standard","meta":{"_acf_changed":false,"_monsterinsights_skip_tracking":false,"_monsterinsights_sitenote_active":false,"_monsterinsights_sitenote_note":"","_monsterinsights_sitenote_category":0,"footnotes":""},"categories":[340],"tags":[],"class_list":["post-142446","post","type-post","status-publish","format-standard","has-post-thumbnail","hentry","category-blog-en"],"acf":[],"yoast_head":"<!-- This site is optimized with the Yoast SEO plugin v27.3 - https:\/\/yoast.com\/product\/yoast-seo-wordpress\/ -->\n<title>Andiamo Milano! This time of the year again - Salone Del Mobile 16-21 April | Smart Travelling<\/title>\n<meta name=\"description\" content=\"Endlich, das Design Highlight des Jahres, Salone del Mobile, die Mail\u00e4nder M\u00f6belmesse, steht wieder vor der T\u00fcre. Es ist immer ein\" \/>\n<meta name=\"robots\" content=\"index, follow, max-snippet:-1, max-image-preview:large, max-video-preview:-1\" \/>\n<link rel=\"canonical\" href=\"https:\/\/www.smart-travelling.net\/en\/andiamo-milano-alle-jahre-wieder-salone-del-mobile\/\" \/>\n<meta property=\"og:locale\" content=\"en_US\" \/>\n<meta property=\"og:type\" content=\"article\" \/>\n<meta property=\"og:title\" content=\"Andiamo Milano! This time of the year again - Salone Del Mobile 16-21 April | Smart Travelling\" \/>\n<meta property=\"og:description\" content=\"Endlich, das Design Highlight des Jahres, Salone del Mobile, die Mail\u00e4nder M\u00f6belmesse, steht wieder vor der T\u00fcre. Es ist immer ein\" \/>\n<meta property=\"og:url\" content=\"https:\/\/www.smart-travelling.net\/en\/andiamo-milano-alle-jahre-wieder-salone-del-mobile\/\" \/>\n<meta property=\"og:site_name\" content=\"Smart Travelling\" \/>\n<meta property=\"article:publisher\" content=\"https:\/\/www.facebook.com\/smarttravelling\/\" \/>\n<meta property=\"article:published_time\" content=\"2024-03-25T20:55:29+00:00\" \/>\n<meta property=\"article:modified_time\" content=\"2024-03-26T09:59:35+00:00\" \/>\n<meta property=\"og:image\" content=\"https:\/\/www.smart-travelling.net\/wp-content\/uploads\/2024\/03\/20160409-608A0980.jpg\" \/>\n\t<meta property=\"og:image:width\" content=\"1000\" \/>\n\t<meta property=\"og:image:height\" content=\"667\" \/>\n\t<meta property=\"og:image:type\" content=\"image\/jpeg\" \/>\n<meta name=\"author\" content=\"Julia B\u00e4hr\" \/>\n<meta name=\"twitter:label1\" content=\"Written by\" \/>\n\t<meta name=\"twitter:data1\" content=\"Julia B\u00e4hr\" \/>\n\t<meta name=\"twitter:label2\" content=\"Est. reading time\" \/>\n\t<meta name=\"twitter:data2\" content=\"10 minutes\" \/>\n<script type=\"application\/ld+json\" class=\"yoast-schema-graph\">{\"@context\":\"https:\\\/\\\/schema.org\",\"@graph\":[{\"@type\":\"Article\",\"@id\":\"https:\\\/\\\/www.smart-travelling.net\\\/en\\\/andiamo-milano-alle-jahre-wieder-salone-del-mobile\\\/#article\",\"isPartOf\":{\"@id\":\"https:\\\/\\\/www.smart-travelling.net\\\/en\\\/andiamo-milano-alle-jahre-wieder-salone-del-mobile\\\/\"},\"author\":{\"name\":\"Julia B\u00e4hr\",\"@id\":\"https:\\\/\\\/www.smart-travelling.net\\\/#\\\/schema\\\/person\\\/f8e5e047de7c84f7d8292d965c1262e0\"},\"headline\":\"Andiamo Milano! This time of the year again &#8211; Salone Del Mobile 16-21 April\",\"datePublished\":\"2024-03-25T20:55:29+00:00\",\"dateModified\":\"2024-03-26T09:59:35+00:00\",\"mainEntityOfPage\":{\"@id\":\"https:\\\/\\\/www.smart-travelling.net\\\/en\\\/andiamo-milano-alle-jahre-wieder-salone-del-mobile\\\/\"},\"wordCount\":1348,\"publisher\":{\"@id\":\"https:\\\/\\\/www.smart-travelling.net\\\/#organization\"},\"image\":{\"@id\":\"https:\\\/\\\/www.smart-travelling.net\\\/en\\\/andiamo-milano-alle-jahre-wieder-salone-del-mobile\\\/#primaryimage\"},\"thumbnailUrl\":\"https:\\\/\\\/www.smart-travelling.net\\\/wp-content\\\/uploads\\\/2024\\\/03\\\/20160409-608A0980.jpg\",\"articleSection\":[\"Blog\"],\"inLanguage\":\"en-US\"},{\"@type\":\"WebPage\",\"@id\":\"https:\\\/\\\/www.smart-travelling.net\\\/en\\\/andiamo-milano-alle-jahre-wieder-salone-del-mobile\\\/\",\"url\":\"https:\\\/\\\/www.smart-travelling.net\\\/en\\\/andiamo-milano-alle-jahre-wieder-salone-del-mobile\\\/\",\"name\":\"Andiamo Milano! This time of the year again - Salone Del Mobile 16-21 April | Smart Travelling\",\"isPartOf\":{\"@id\":\"https:\\\/\\\/www.smart-travelling.net\\\/#website\"},\"primaryImageOfPage\":{\"@id\":\"https:\\\/\\\/www.smart-travelling.net\\\/en\\\/andiamo-milano-alle-jahre-wieder-salone-del-mobile\\\/#primaryimage\"},\"image\":{\"@id\":\"https:\\\/\\\/www.smart-travelling.net\\\/en\\\/andiamo-milano-alle-jahre-wieder-salone-del-mobile\\\/#primaryimage\"},\"thumbnailUrl\":\"https:\\\/\\\/www.smart-travelling.net\\\/wp-content\\\/uploads\\\/2024\\\/03\\\/20160409-608A0980.jpg\",\"datePublished\":\"2024-03-25T20:55:29+00:00\",\"dateModified\":\"2024-03-26T09:59:35+00:00\",\"description\":\"Endlich, das Design Highlight des Jahres, Salone del Mobile, die Mail\u00e4nder M\u00f6belmesse, steht wieder vor der T\u00fcre. Es ist immer ein\",\"breadcrumb\":{\"@id\":\"https:\\\/\\\/www.smart-travelling.net\\\/en\\\/andiamo-milano-alle-jahre-wieder-salone-del-mobile\\\/#breadcrumb\"},\"inLanguage\":\"en-US\",\"potentialAction\":[{\"@type\":\"ReadAction\",\"target\":[\"https:\\\/\\\/www.smart-travelling.net\\\/en\\\/andiamo-milano-alle-jahre-wieder-salone-del-mobile\\\/\"]}]},{\"@type\":\"ImageObject\",\"inLanguage\":\"en-US\",\"@id\":\"https:\\\/\\\/www.smart-travelling.net\\\/en\\\/andiamo-milano-alle-jahre-wieder-salone-del-mobile\\\/#primaryimage\",\"url\":\"https:\\\/\\\/www.smart-travelling.net\\\/wp-content\\\/uploads\\\/2024\\\/03\\\/20160409-608A0980.jpg\",\"contentUrl\":\"https:\\\/\\\/www.smart-travelling.net\\\/wp-content\\\/uploads\\\/2024\\\/03\\\/20160409-608A0980.jpg\",\"width\":1000,\"height\":667},{\"@type\":\"BreadcrumbList\",\"@id\":\"https:\\\/\\\/www.smart-travelling.net\\\/en\\\/andiamo-milano-alle-jahre-wieder-salone-del-mobile\\\/#breadcrumb\",\"itemListElement\":[{\"@type\":\"ListItem\",\"position\":1,\"name\":\"Home\",\"item\":\"https:\\\/\\\/www.smart-travelling.net\\\/en\\\/\"},{\"@type\":\"ListItem\",\"position\":2,\"name\":\"Andiamo Milano! This time of the year again &#8211; Salone Del Mobile 16-21 April\"}]},{\"@type\":\"WebSite\",\"@id\":\"https:\\\/\\\/www.smart-travelling.net\\\/#website\",\"url\":\"https:\\\/\\\/www.smart-travelling.net\\\/\",\"name\":\"Smart Travelling\",\"description\":\"Einmal im Leben alles richtig machen!\",\"publisher\":{\"@id\":\"https:\\\/\\\/www.smart-travelling.net\\\/#organization\"},\"potentialAction\":[{\"@type\":\"SearchAction\",\"target\":{\"@type\":\"EntryPoint\",\"urlTemplate\":\"https:\\\/\\\/www.smart-travelling.net\\\/?s={search_term_string}\"},\"query-input\":{\"@type\":\"PropertyValueSpecification\",\"valueRequired\":true,\"valueName\":\"search_term_string\"}}],\"inLanguage\":\"en-US\"},{\"@type\":\"Organization\",\"@id\":\"https:\\\/\\\/www.smart-travelling.net\\\/#organization\",\"name\":\"Smart Travelling\",\"url\":\"https:\\\/\\\/www.smart-travelling.net\\\/\",\"logo\":{\"@type\":\"ImageObject\",\"inLanguage\":\"en-US\",\"@id\":\"https:\\\/\\\/www.smart-travelling.net\\\/#\\\/schema\\\/logo\\\/image\\\/\",\"url\":\"https:\\\/\\\/www.smart-travelling.net\\\/wp-content\\\/uploads\\\/2025\\\/12\\\/SmartTravellingLogo.svg\",\"contentUrl\":\"https:\\\/\\\/www.smart-travelling.net\\\/wp-content\\\/uploads\\\/2025\\\/12\\\/SmartTravellingLogo.svg\",\"width\":1,\"height\":1,\"caption\":\"Smart Travelling\"},\"image\":{\"@id\":\"https:\\\/\\\/www.smart-travelling.net\\\/#\\\/schema\\\/logo\\\/image\\\/\"},\"sameAs\":[\"https:\\\/\\\/www.facebook.com\\\/smarttravelling\\\/\",\"https:\\\/\\\/www.instagram.com\\\/smarttravelling\\\/\"]},{\"@type\":\"Person\",\"@id\":\"https:\\\/\\\/www.smart-travelling.net\\\/#\\\/schema\\\/person\\\/f8e5e047de7c84f7d8292d965c1262e0\",\"name\":\"Julia B\u00e4hr\"}]}<\/script>\n<!-- \/ Yoast SEO plugin. -->","yoast_head_json":{"title":"Andiamo Milano! This time of the year again - Salone Del Mobile 16-21 April | Smart Travelling","description":"Endlich, das Design Highlight des Jahres, Salone del Mobile, die Mail\u00e4nder M\u00f6belmesse, steht wieder vor der T\u00fcre. Es ist immer ein","robots":{"index":"index","follow":"follow","max-snippet":"max-snippet:-1","max-image-preview":"max-image-preview:large","max-video-preview":"max-video-preview:-1"},"canonical":"https:\/\/www.smart-travelling.net\/en\/andiamo-milano-alle-jahre-wieder-salone-del-mobile\/","og_locale":"en_US","og_type":"article","og_title":"Andiamo Milano! This time of the year again - Salone Del Mobile 16-21 April | Smart Travelling","og_description":"Endlich, das Design Highlight des Jahres, Salone del Mobile, die Mail\u00e4nder M\u00f6belmesse, steht wieder vor der T\u00fcre. Es ist immer ein","og_url":"https:\/\/www.smart-travelling.net\/en\/andiamo-milano-alle-jahre-wieder-salone-del-mobile\/","og_site_name":"Smart Travelling","article_publisher":"https:\/\/www.facebook.com\/smarttravelling\/","article_published_time":"2024-03-25T20:55:29+00:00","article_modified_time":"2024-03-26T09:59:35+00:00","og_image":[{"width":1000,"height":667,"url":"https:\/\/www.smart-travelling.net\/wp-content\/uploads\/2024\/03\/20160409-608A0980.jpg","type":"image\/jpeg"}],"author":"Julia B\u00e4hr","twitter_misc":{"Written by":"Julia B\u00e4hr","Est. reading time":"10 minutes"},"schema":{"@context":"https:\/\/schema.org","@graph":[{"@type":"Article","@id":"https:\/\/www.smart-travelling.net\/en\/andiamo-milano-alle-jahre-wieder-salone-del-mobile\/#article","isPartOf":{"@id":"https:\/\/www.smart-travelling.net\/en\/andiamo-milano-alle-jahre-wieder-salone-del-mobile\/"},"author":{"name":"Julia B\u00e4hr","@id":"https:\/\/www.smart-travelling.net\/#\/schema\/person\/f8e5e047de7c84f7d8292d965c1262e0"},"headline":"Andiamo Milano! This time of the year again &#8211; Salone Del Mobile 16-21 April","datePublished":"2024-03-25T20:55:29+00:00","dateModified":"2024-03-26T09:59:35+00:00","mainEntityOfPage":{"@id":"https:\/\/www.smart-travelling.net\/en\/andiamo-milano-alle-jahre-wieder-salone-del-mobile\/"},"wordCount":1348,"publisher":{"@id":"https:\/\/www.smart-travelling.net\/#organization"},"image":{"@id":"https:\/\/www.smart-travelling.net\/en\/andiamo-milano-alle-jahre-wieder-salone-del-mobile\/#primaryimage"},"thumbnailUrl":"https:\/\/www.smart-travelling.net\/wp-content\/uploads\/2024\/03\/20160409-608A0980.jpg","articleSection":["Blog"],"inLanguage":"en-US"},{"@type":"WebPage","@id":"https:\/\/www.smart-travelling.net\/en\/andiamo-milano-alle-jahre-wieder-salone-del-mobile\/","url":"https:\/\/www.smart-travelling.net\/en\/andiamo-milano-alle-jahre-wieder-salone-del-mobile\/","name":"Andiamo Milano! This time of the year again - Salone Del Mobile 16-21 April | Smart Travelling","isPartOf":{"@id":"https:\/\/www.smart-travelling.net\/#website"},"primaryImageOfPage":{"@id":"https:\/\/www.smart-travelling.net\/en\/andiamo-milano-alle-jahre-wieder-salone-del-mobile\/#primaryimage"},"image":{"@id":"https:\/\/www.smart-travelling.net\/en\/andiamo-milano-alle-jahre-wieder-salone-del-mobile\/#primaryimage"},"thumbnailUrl":"https:\/\/www.smart-travelling.net\/wp-content\/uploads\/2024\/03\/20160409-608A0980.jpg","datePublished":"2024-03-25T20:55:29+00:00","dateModified":"2024-03-26T09:59:35+00:00","description":"Endlich, das Design Highlight des Jahres, Salone del Mobile, die Mail\u00e4nder M\u00f6belmesse, steht wieder vor der T\u00fcre. Es ist immer ein","breadcrumb":{"@id":"https:\/\/www.smart-travelling.net\/en\/andiamo-milano-alle-jahre-wieder-salone-del-mobile\/#breadcrumb"},"inLanguage":"en-US","potentialAction":[{"@type":"ReadAction","target":["https:\/\/www.smart-travelling.net\/en\/andiamo-milano-alle-jahre-wieder-salone-del-mobile\/"]}]},{"@type":"ImageObject","inLanguage":"en-US","@id":"https:\/\/www.smart-travelling.net\/en\/andiamo-milano-alle-jahre-wieder-salone-del-mobile\/#primaryimage","url":"https:\/\/www.smart-travelling.net\/wp-content\/uploads\/2024\/03\/20160409-608A0980.jpg","contentUrl":"https:\/\/www.smart-travelling.net\/wp-content\/uploads\/2024\/03\/20160409-608A0980.jpg","width":1000,"height":667},{"@type":"BreadcrumbList","@id":"https:\/\/www.smart-travelling.net\/en\/andiamo-milano-alle-jahre-wieder-salone-del-mobile\/#breadcrumb","itemListElement":[{"@type":"ListItem","position":1,"name":"Home","item":"https:\/\/www.smart-travelling.net\/en\/"},{"@type":"ListItem","position":2,"name":"Andiamo Milano! This time of the year again &#8211; Salone Del Mobile 16-21 April"}]},{"@type":"WebSite","@id":"https:\/\/www.smart-travelling.net\/#website","url":"https:\/\/www.smart-travelling.net\/","name":"Smart Travelling","description":"Einmal im Leben alles richtig machen!","publisher":{"@id":"https:\/\/www.smart-travelling.net\/#organization"},"potentialAction":[{"@type":"SearchAction","target":{"@type":"EntryPoint","urlTemplate":"https:\/\/www.smart-travelling.net\/?s={search_term_string}"},"query-input":{"@type":"PropertyValueSpecification","valueRequired":true,"valueName":"search_term_string"}}],"inLanguage":"en-US"},{"@type":"Organization","@id":"https:\/\/www.smart-travelling.net\/#organization","name":"Smart Travelling","url":"https:\/\/www.smart-travelling.net\/","logo":{"@type":"ImageObject","inLanguage":"en-US","@id":"https:\/\/www.smart-travelling.net\/#\/schema\/logo\/image\/","url":"https:\/\/www.smart-travelling.net\/wp-content\/uploads\/2025\/12\/SmartTravellingLogo.svg","contentUrl":"https:\/\/www.smart-travelling.net\/wp-content\/uploads\/2025\/12\/SmartTravellingLogo.svg","width":1,"height":1,"caption":"Smart Travelling"},"image":{"@id":"https:\/\/www.smart-travelling.net\/#\/schema\/logo\/image\/"},"sameAs":["https:\/\/www.facebook.com\/smarttravelling\/","https:\/\/www.instagram.com\/smarttravelling\/"]},{"@type":"Person","@id":"https:\/\/www.smart-travelling.net\/#\/schema\/person\/f8e5e047de7c84f7d8292d965c1262e0","name":"Julia B\u00e4hr"}]}},"amp_enabled":true,"_links":{"self":[{"href":"https:\/\/www.smart-travelling.net\/en\/wp-json\/wp\/v2\/posts\/142446","targetHints":{"allow":["GET"]}}],"collection":[{"href":"https:\/\/www.smart-travelling.net\/en\/wp-json\/wp\/v2\/posts"}],"about":[{"href":"https:\/\/www.smart-travelling.net\/en\/wp-json\/wp\/v2\/types\/post"}],"author":[{"embeddable":true,"href":"https:\/\/www.smart-travelling.net\/en\/wp-json\/wp\/v2\/users\/7"}],"replies":[{"embeddable":true,"href":"https:\/\/www.smart-travelling.net\/en\/wp-json\/wp\/v2\/comments?post=142446"}],"version-history":[{"count":8,"href":"https:\/\/www.smart-travelling.net\/en\/wp-json\/wp\/v2\/posts\/142446\/revisions"}],"predecessor-version":[{"id":142474,"href":"https:\/\/www.smart-travelling.net\/en\/wp-json\/wp\/v2\/posts\/142446\/revisions\/142474"}],"wp:featuredmedia":[{"embeddable":true,"href":"https:\/\/www.smart-travelling.net\/en\/wp-json\/wp\/v2\/media\/142461"}],"wp:attachment":[{"href":"https:\/\/www.smart-travelling.net\/en\/wp-json\/wp\/v2\/media?parent=142446"}],"wp:term":[{"taxonomy":"category","embeddable":true,"href":"https:\/\/www.smart-travelling.net\/en\/wp-json\/wp\/v2\/categories?post=142446"},{"taxonomy":"post_tag","embeddable":true,"href":"https:\/\/www.smart-travelling.net\/en\/wp-json\/wp\/v2\/tags?post=142446"}],"curies":[{"name":"wp","href":"https:\/\/api.w.org\/{rel}","templated":true}]}}